{"id":1126,"date":"2022-09-24T14:58:57","date_gmt":"2022-09-24T12:58:57","guid":{"rendered":"http:\/\/www.mgv-lindern.de\/?p=1126"},"modified":"2022-10-29T15:07:42","modified_gmt":"2022-10-29T13:07:42","slug":"ernst-hamberg-leitet-weiterhin-den-maennergesangsverein","status":"publish","type":"post","link":"https:\/\/www.mgv-lindern.de\/?p=1126","title":{"rendered":"Ernst Hamberg leitet weiterhin den M\u00e4nnergesangsverein"},"content":{"rendered":"<p><em>Der stellvertretende Liedervater \u00fcbernimmt f\u00fcr ein weiteres Jahr\/Auch Kassenwart Josef L\u00fcbke macht weiter<\/em><\/p>\n<div id=\"attachment_1127\" style=\"width: 696px\" class=\"wp-caption aligncenter\"><a href=\"https:\/\/www.mgv-lindern.de\/wp-content\/uploads\/2022\/10\/GV2022.png\"><img loading=\"lazy\" decoding=\"async\" aria-describedby=\"caption-attachment-1127\" class=\"wp-image-1127 size-full\" src=\"https:\/\/www.mgv-lindern.de\/wp-content\/uploads\/2022\/10\/GV2022.png\" alt=\"\" width=\"686\" height=\"293\" srcset=\"https:\/\/www.mgv-lindern.de\/wp-content\/uploads\/2022\/10\/GV2022.png 686w, https:\/\/www.mgv-lindern.de\/wp-content\/uploads\/2022\/10\/GV2022-300x128.png 300w, https:\/\/www.mgv-lindern.de\/wp-content\/uploads\/2022\/10\/GV2022-624x267.png 624w\" sizes=\"auto, (max-width: 686px) 100vw, 686px\" \/><\/a><p id=\"caption-attachment-1127\" class=\"wp-caption-text\">Seit Jahrzehnten dabei: Der stellvertretende Liedervater Ernst Hamberg (zweiter von links) erhielt einen<br \/>Pr\u00e4sentkorb von Hans Hermeling (dritter von links) \u00fcberreicht. Josef L\u00fcbke f\u00fchrt seit 20 Jahren<br \/>die Kasse des Vereins und wurde daf\u00fcr auch mit einem Pr\u00e4sentkorb geehrt. F\u00fcr die gute Zusammenarbeit<br \/>bedankte sich die Dirigentin Tatjana Meyer (links) bei Vorstand und S\u00e4ngern. Foto: Kock<\/p><\/div>\n<p>Lindern (wk). Kein Nachfolger f\u00fcr den ehemaligen Liedervater Wilhelm Moorkamp konnte auf der Generalversammlung des M\u00e4nnergesangvereins Lindern gefunden werden. Ernst Hamberg erkl\u00e4rte sich bereit, f\u00fcr ein weiteres Jahr als stellvertretender Liedervater den MGV weiter zu leiten. 25 Jahre w\u00e4re er jetzt als stellvertretender Liedervater t\u00e4tig. Hierf\u00fcr wurde er mit einem Pr\u00e4sentkorb geehrt. Auch Schriftf\u00fchrer Hans Hermeling erkl\u00e4rte sich bereit f\u00fcr zwei weitere Jahre weiter zu machen. Seit 37 Jahren bekleidet er das Amt des Schriftf\u00fchrers. Auch er wird<br \/>\nin einer der n\u00e4chsten Zusammenk\u00fcnfte geehrt. Auch der Notenwart und der stellvertretende<br \/>\nNotenwart standen zur Neuwahl an. Heinrich M\u00e4hlmann junior und Bernd Thoben werden<br \/>\ndiese Aufgabe zusammen \u00fcbernehmen.<\/p>\n<p>Als Kassenpr\u00fcfer f\u00fcr 2023 wurden Anton Dr\u00f6ge und Hermann M\u00e4hlmann vom 2. Tenor gew\u00e4hlt. In den Liedausschuss wurden Heinrich M\u00e4hlmann junior vom 1. Tenor; Bernd Thoben vom 2. Tenor; Bernd Schute, vom 1. Bass und Ernst Hamberg vom 2. Bass gew\u00e4hlt. Den Berichten von Ernst Hamberg und Hans Hermeling konnte man die Aktivit\u00e4ten des MGV der letzten Jahre entnehmen. Corona bedingt durfte 2 Jahre nicht gesungen werden. Erst in diesem Fr\u00fchjahr konnte mit den Chorproben begonnen worden. Josef L\u00fcbke, seit 20 Jahren als Kassenwart t\u00e4tig, konnte \u00fcber keine nennenswerten Kassenbewegungen berichten. Die Chorleiterin Tatjana Meyer war ganz optimistisch, das sich alles wieder im normalen Rahmen bewegen wird. In den letzten Monaten h\u00e4tte man schon wieder viel f\u00fcr den Chorgesang getan. Sie bedankte sich bei den S\u00e4ngern f\u00fcr ihre gute Beteiligung an den Chorproben.<\/p>\n<p>Ernst Hamberg\u00a0 teilte den S\u00e4ngern die wichtigen Termine f\u00fcr die n\u00e4chsten Monate mit. So wird zum Kohlessen am 2. Dezember (Freitag) in der Gastst\u00e4tte Josef L\u00fcbke eingeladen. Am 5. November (Samstag) findet der M\u00fcnsterlandtag in Lindern statt. Der MGV wird mit mehreren Liedvortr\u00e4gen daran teilnehmen. Am 11. Dezember (Sonntag) wird zum Konzert der drei Linderner Ch\u00f6re eingeladen. Am 21. Januar findet der S\u00e4ngerball im Saal Elsken \u2013 Werner, Kleinenging statt. Das Bundess\u00e4ngerfest, vom S\u00e4ngerbund Heimattreu, wird 2023 vom Chor aus Molbergen ausgerichtet. Auch Weihnachten ist wieder ein Auftritt im Hochamt geplant.<\/p>\n<p>(Quelle: M\u00fcnsterl\u00e4ndische Tageszeitung vom 24.09.2022)<\/p>\n","protected":false},"excerpt":{"rendered":"<p>Der stellvertretende Liedervater \u00fcbernimmt f\u00fcr ein weiteres Jahr\/Auch Kassenwart Josef L\u00fcbke macht weiter Lindern (wk). Kein Nachfolger f\u00fcr den ehemaligen Liedervater Wilhelm Moorkamp konnte auf der Generalversammlung des M\u00e4nnergesangvereins Lindern gefunden werden. Ernst Hamberg erkl\u00e4rte sich bereit, f\u00fcr ein weiteres &hellip; <a href=\"https:\/\/www.mgv-lindern.de\/?p=1126\">Weiterlesen <span class=\"meta-nav\">&rarr;<\/span><\/a><\/p>\n","protected":false},"author":2,"featured_media":0,"comment_status":"closed","ping_status":"closed","sticky":false,"template":"","format":"standard","meta":{"footnotes":""},"categories":[1],"tags":[],"class_list":["post-1126","post","type-post","status-publish","format-standard","hentry","category-allgemein"],"_links":{"self":[{"href":"https:\/\/www.mgv-lindern.de\/index.php?rest_route=\/wp\/v2\/posts\/1126","targetHints":{"allow":["GET"]}}],"collection":[{"href":"https:\/\/www.mgv-lindern.de\/index.php?rest_route=\/wp\/v2\/posts"}],"about":[{"href":"https:\/\/www.mgv-lindern.de\/index.php?rest_route=\/wp\/v2\/types\/post"}],"author":[{"embeddable":true,"href":"https:\/\/www.mgv-lindern.de\/index.php?rest_route=\/wp\/v2\/users\/2"}],"replies":[{"embeddable":true,"href":"https:\/\/www.mgv-lindern.de\/index.php?rest_route=%2Fwp%2Fv2%2Fcomments&post=1126"}],"version-history":[{"count":1,"href":"https:\/\/www.mgv-lindern.de\/index.php?rest_route=\/wp\/v2\/posts\/1126\/revisions"}],"predecessor-version":[{"id":1128,"href":"https:\/\/www.mgv-lindern.de\/index.php?rest_route=\/wp\/v2\/posts\/1126\/revisions\/1128"}],"wp:attachment":[{"href":"https:\/\/www.mgv-lindern.de\/index.php?rest_route=%2Fwp%2Fv2%2Fmedia&parent=1126"}],"wp:term":[{"taxonomy":"category","embeddable":true,"href":"https:\/\/www.mgv-lindern.de\/index.php?rest_route=%2Fwp%2Fv2%2Fcategories&post=1126"},{"taxonomy":"post_tag","embeddable":true,"href":"https:\/\/www.mgv-lindern.de\/index.php?rest_route=%2Fwp%2Fv2%2Ftags&post=1126"}],"curies":[{"name":"wp","href":"https:\/\/api.w.org\/{rel}","templated":true}]}}